{"id":4303,"date":"2026-06-05T09:23:00","date_gmt":"2026-06-05T15:23:00","guid":{"rendered":"https:\/\/hg-abogados.com\/?p=4303"},"modified":"2026-06-05T10:29:22","modified_gmt":"2026-06-05T16:29:22","slug":"nueva-reforma-al-poder-judicial-se-publica-decreto-de-la-nueva-reforma-al-poder-judicial-junio-2026","status":"publish","type":"post","link":"https:\/\/hg-abogados.com\/ko\/2026\/06\/05\/nueva-reforma-al-poder-judicial-se-publica-decreto-de-la-nueva-reforma-al-poder-judicial-junio-2026\/","title":{"rendered":"\uc800\ud76c\ub294 \uc0c1\ud45c \uac80\uc0c9, \ubaa8\ub2c8\ud130\ub9c1 \ubc0f \uc774\uc758\uc2e0\uccad \uc808\ucc28\ub97c \uc218\ud589\ud558\uba70, \ub4f1\ub85d \uac00\ub2a5\uc131\uc744 \ub192\uc774\uae30 \uc704\ud574 \uc2ec\uc0ac \uc758\uacac\uc5d0 \ub300\ud55c \uc804\ubb38\uc801\uc778 \ub2f5\ubcc0\uc744 \uc900\ube44\ud569\ub2c8\ub2e4."},"content":{"rendered":"<p class=\"wp-block-paragraph\">2024\ub144 \uc0ac\ubc95\ubd80 \uac1c\ud601\uc758 \uc77c\ud658\uc73c\ub85c, \uc9c0\ub09c 2026\ub144 6\uc6d4 2\uc77c, DOF(\uba55\uc2dc\ucf54 \uad00\ubcf4) \uc800\ub141\ud310\uc5d0 \uc0ac\ubc95\ubd80 \uac1c\ud601\uacfc \uad00\ub828\ud558\uc5ec \uba55\uc2dc\ucf54 \uc5f0\ubc29 \ud5cc\ubc95\uc758 \uc5ec\ub7ec \uc870\ud56d\uc744 \uac1c\uc815 \ubc0f \ucd94\uac00\ud558\ub294 \uce59\ub839\uc774 \uac8c\uc7ac\ub418\uc5c8\ub2e4.<\/p>","protected":false},"excerpt":{"rendered":"<p>2024\ub144 \uc0ac\ubc95\ubd80 \uac1c\ud601\uc758 \uc77c\ud658\uc73c\ub85c, \uc9c0\ub09c 2026\ub144 6\uc6d4 2\uc77c, DOF(\uba55\uc2dc\ucf54 \uad00\ubcf4) \uc800\ub141\ud310\uc5d0 \uc0ac\ubc95\ubd80 \uac1c\ud601\uacfc \uad00\ub828\ud558\uc5ec \uba55\uc2dc\ucf54 \uc5f0\ubc29 \ud5cc\ubc95\uc758 \uc5ec\ub7ec \uc870\ud56d\uc744 \uac1c\uc815 \ubc0f \ucd94\uac00\ud558\ub294 \uce59\ub839\uc774 \uac8c\uc7ac\ub418\uc5c8\ub2e4.<\/p>","protected":false},"author":1,"featured_media":4305,"comment_status":"closed","ping_status":"closed","sticky":false,"template":"","format":"standard","meta":{"footnotes":""},"categories":[25],"tags":[],"class_list":["post-4303","post","type-post","status-publish","format-standard","has-post-thumbnail","hentry","category-blog"],"yoast_head":"<!-- This site is optimized with the Yoast SEO plugin v28.4 - https:\/\/yoast.com\/product\/yoast-seo-wordpress\/ -->\n<title>\u00bfNueva reforma al Poder Judicial? Se publica Decreto de la nueva reforma al poder judicial (Junio 2026) - HG Abogados<\/title>\n<meta name=\"description\" content=\"Meta description:El 2 de junio de 2026 se public\u00f3 en el DOF el Decreto de reforma al Poder Judicial. Conoce los cambios clave en elecciones, estructura de la SCJN y plazos legislativos.\" \/>\n<meta name=\"robots\" content=\"index, follow, max-snippet:-1, max-image-preview:large, max-video-preview:-1\" \/>\n<link rel=\"canonical\" href=\"https:\/\/hg-abogados.com\/ko\/2026\/06\/05\/nueva-reforma-al-poder-judicial-se-publica-decreto-de-la-nueva-reforma-al-poder-judicial-junio-2026\/\" \/>\n<meta property=\"og:locale\" content=\"ko_KR\" \/>\n<meta property=\"og:type\" content=\"article\" \/>\n<meta property=\"og:title\" content=\"\u00bfNueva reforma al Poder Judicial? Se publica Decreto de la nueva reforma al poder judicial (Junio 2026) - HG Abogados\" \/>\n<meta property=\"og:description\" content=\"Meta description:El 2 de junio de 2026 se public\u00f3 en el DOF el Decreto de reforma al Poder Judicial. Conoce los cambios clave en elecciones, estructura de la SCJN y plazos legislativos.\" \/>\n<meta property=\"og:url\" content=\"https:\/\/hg-abogados.com\/ko\/2026\/06\/05\/nueva-reforma-al-poder-judicial-se-publica-decreto-de-la-nueva-reforma-al-poder-judicial-junio-2026\/\" \/>\n<meta property=\"og:site_name\" content=\"HG Abogados\" \/>\n<meta property=\"article:publisher\" content=\"https:\/\/www.facebook.com\/hgabogados.mx\/\" \/>\n<meta property=\"article:published_time\" content=\"2026-06-05T15:23:00+00:00\" \/>\n<meta property=\"article:modified_time\" content=\"2026-06-05T16:29:22+00:00\" \/>\n<meta property=\"og:image\" content=\"https:\/\/hg-abogados.com\/wp-content\/uploads\/2026\/06\/img-blog-Ficha-Tecnica-.webp\" \/>\n\t<meta property=\"og:image:width\" content=\"360\" \/>\n\t<meta property=\"og:image:height\" content=\"239\" \/>\n\t<meta property=\"og:image:type\" content=\"image\/webp\" \/>\n<meta name=\"author\" content=\"hg-abogados\" \/>\n<meta name=\"twitter:card\" content=\"summary_large_image\" \/>\n<meta name=\"twitter:label1\" content=\"\uae00\uc4f4\uc774\" \/>\n\t<meta name=\"twitter:data1\" content=\"hg-abogados\" \/>\n\t<meta name=\"twitter:label2\" content=\"\uc608\uc0c1 \ub418\ub294 \ud310\ub3c5 \uc2dc\uac04\" \/>\n\t<meta name=\"twitter:data2\" content=\"1\ubd84\" \/>\n<script type=\"application\/ld+json\" class=\"yoast-schema-graph\">{\"@context\":\"https:\\\/\\\/schema.org\",\"@graph\":[{\"@type\":\"Article\",\"@id\":\"https:\\\/\\\/hg-abogados.com\\\/2026\\\/06\\\/05\\\/nueva-reforma-al-poder-judicial-se-publica-decreto-de-la-nueva-reforma-al-poder-judicial-junio-2026\\\/#article\",\"isPartOf\":{\"@id\":\"https:\\\/\\\/hg-abogados.com\\\/2026\\\/06\\\/05\\\/nueva-reforma-al-poder-judicial-se-publica-decreto-de-la-nueva-reforma-al-poder-judicial-junio-2026\\\/\"},\"author\":{\"name\":\"hg-abogados\",\"@id\":\"https:\\\/\\\/hg-abogados.com\\\/#\\\/schema\\\/person\\\/75e9ac66c994f18887c24c5da6070769\"},\"headline\":\"\u00bfNueva reforma al Poder Judicial? Se publica Decreto de la nueva reforma al poder judicial (Junio 2026)\",\"datePublished\":\"2026-06-05T15:23:00+00:00\",\"dateModified\":\"2026-06-05T16:29:22+00:00\",\"mainEntityOfPage\":{\"@id\":\"https:\\\/\\\/hg-abogados.com\\\/2026\\\/06\\\/05\\\/nueva-reforma-al-poder-judicial-se-publica-decreto-de-la-nueva-reforma-al-poder-judicial-junio-2026\\\/\"},\"wordCount\":71,\"publisher\":{\"@id\":\"https:\\\/\\\/hg-abogados.com\\\/#organization\"},\"image\":{\"@id\":\"https:\\\/\\\/hg-abogados.com\\\/2026\\\/06\\\/05\\\/nueva-reforma-al-poder-judicial-se-publica-decreto-de-la-nueva-reforma-al-poder-judicial-junio-2026\\\/#primaryimage\"},\"thumbnailUrl\":\"https:\\\/\\\/hg-abogados.com\\\/wp-content\\\/uploads\\\/2026\\\/06\\\/img-blog-Ficha-Tecnica-.webp\",\"articleSection\":[\"Blog\"],\"inLanguage\":\"ko-KR\"},{\"@type\":\"WebPage\",\"@id\":\"https:\\\/\\\/hg-abogados.com\\\/2026\\\/06\\\/05\\\/nueva-reforma-al-poder-judicial-se-publica-decreto-de-la-nueva-reforma-al-poder-judicial-junio-2026\\\/\",\"url\":\"https:\\\/\\\/hg-abogados.com\\\/2026\\\/06\\\/05\\\/nueva-reforma-al-poder-judicial-se-publica-decreto-de-la-nueva-reforma-al-poder-judicial-junio-2026\\\/\",\"name\":\"\u00bfNueva reforma al Poder Judicial? Se publica Decreto de la nueva reforma al poder judicial (Junio 2026) - HG Abogados\",\"isPartOf\":{\"@id\":\"https:\\\/\\\/hg-abogados.com\\\/#website\"},\"primaryImageOfPage\":{\"@id\":\"https:\\\/\\\/hg-abogados.com\\\/2026\\\/06\\\/05\\\/nueva-reforma-al-poder-judicial-se-publica-decreto-de-la-nueva-reforma-al-poder-judicial-junio-2026\\\/#primaryimage\"},\"image\":{\"@id\":\"https:\\\/\\\/hg-abogados.com\\\/2026\\\/06\\\/05\\\/nueva-reforma-al-poder-judicial-se-publica-decreto-de-la-nueva-reforma-al-poder-judicial-junio-2026\\\/#primaryimage\"},\"thumbnailUrl\":\"https:\\\/\\\/hg-abogados.com\\\/wp-content\\\/uploads\\\/2026\\\/06\\\/img-blog-Ficha-Tecnica-.webp\",\"datePublished\":\"2026-06-05T15:23:00+00:00\",\"dateModified\":\"2026-06-05T16:29:22+00:00\",\"description\":\"Meta description:El 2 de junio de 2026 se public\u00f3 en el DOF el Decreto de reforma al Poder Judicial. Conoce los cambios clave en elecciones, estructura de la SCJN y plazos legislativos.\",\"breadcrumb\":{\"@id\":\"https:\\\/\\\/hg-abogados.com\\\/2026\\\/06\\\/05\\\/nueva-reforma-al-poder-judicial-se-publica-decreto-de-la-nueva-reforma-al-poder-judicial-junio-2026\\\/#breadcrumb\"},\"inLanguage\":\"ko-KR\",\"potentialAction\":[{\"@type\":\"ReadAction\",\"target\":[\"https:\\\/\\\/hg-abogados.com\\\/2026\\\/06\\\/05\\\/nueva-reforma-al-poder-judicial-se-publica-decreto-de-la-nueva-reforma-al-poder-judicial-junio-2026\\\/\"]}]},{\"@type\":\"ImageObject\",\"inLanguage\":\"ko-KR\",\"@id\":\"https:\\\/\\\/hg-abogados.com\\\/2026\\\/06\\\/05\\\/nueva-reforma-al-poder-judicial-se-publica-decreto-de-la-nueva-reforma-al-poder-judicial-junio-2026\\\/#primaryimage\",\"url\":\"https:\\\/\\\/hg-abogados.com\\\/wp-content\\\/uploads\\\/2026\\\/06\\\/img-blog-Ficha-Tecnica-.webp\",\"contentUrl\":\"https:\\\/\\\/hg-abogados.com\\\/wp-content\\\/uploads\\\/2026\\\/06\\\/img-blog-Ficha-Tecnica-.webp\",\"width\":360,\"height\":239},{\"@type\":\"BreadcrumbList\",\"@id\":\"https:\\\/\\\/hg-abogados.com\\\/2026\\\/06\\\/05\\\/nueva-reforma-al-poder-judicial-se-publica-decreto-de-la-nueva-reforma-al-poder-judicial-junio-2026\\\/#breadcrumb\",\"itemListElement\":[{\"@type\":\"ListItem\",\"position\":1,\"name\":\"Portada\",\"item\":\"https:\\\/\\\/hg-abogados.com\\\/\"},{\"@type\":\"ListItem\",\"position\":2,\"name\":\"\u00bfNueva reforma al Poder Judicial? Se publica Decreto de la nueva reforma al poder judicial (Junio 2026)\"}]},{\"@type\":\"WebSite\",\"@id\":\"https:\\\/\\\/hg-abogados.com\\\/#website\",\"url\":\"https:\\\/\\\/hg-abogados.com\\\/\",\"name\":\"HG Abogados\",\"description\":\"Firma legal multidisciplinaria en M\u00e9xico especializada en servicios jur\u00eddicos integrales: compliance, corporativo, fiscal, laboral, civil, penal, familiar e inmobiliario para empresas nacionales y extranjeras. Ofrecemos asesor\u00eda estrat\u00e9gica y defensa legal personalizada con presencia en varias ciudades del pa\u00eds y alianzas internacionales.\",\"publisher\":{\"@id\":\"https:\\\/\\\/hg-abogados.com\\\/#organization\"},\"potentialAction\":[{\"@type\":\"SearchAction\",\"target\":{\"@type\":\"EntryPoint\",\"urlTemplate\":\"https:\\\/\\\/hg-abogados.com\\\/?s={search_term_string}\"},\"query-input\":{\"@type\":\"PropertyValueSpecification\",\"valueRequired\":true,\"valueName\":\"search_term_string\"}}],\"inLanguage\":\"ko-KR\"},{\"@type\":\"Organization\",\"@id\":\"https:\\\/\\\/hg-abogados.com\\\/#organization\",\"name\":\"HG Abogados\",\"url\":\"https:\\\/\\\/hg-abogados.com\\\/\",\"logo\":{\"@type\":\"ImageObject\",\"inLanguage\":\"ko-KR\",\"@id\":\"https:\\\/\\\/hg-abogados.com\\\/#\\\/schema\\\/logo\\\/image\\\/\",\"url\":\"https:\\\/\\\/hg-abogados.com\\\/wp-content\\\/uploads\\\/2025\\\/11\\\/logo-hg.svg\",\"contentUrl\":\"https:\\\/\\\/hg-abogados.com\\\/wp-content\\\/uploads\\\/2025\\\/11\\\/logo-hg.svg\",\"width\":354,\"height\":77,\"caption\":\"HG Abogados\"},\"image\":{\"@id\":\"https:\\\/\\\/hg-abogados.com\\\/#\\\/schema\\\/logo\\\/image\\\/\"},\"sameAs\":[\"https:\\\/\\\/www.facebook.com\\\/hgabogados.mx\\\/\"]},{\"@type\":\"Person\",\"@id\":\"https:\\\/\\\/hg-abogados.com\\\/#\\\/schema\\\/person\\\/75e9ac66c994f18887c24c5da6070769\",\"name\":\"hg-abogados\",\"sameAs\":[\"https:\\\/\\\/new.jpcreativo.com\"],\"url\":\"https:\\\/\\\/hg-abogados.com\\\/ko\\\/author\\\/jeanquispe\\\/\"}]}<\/script>\n<!-- \/ Yoast SEO plugin. -->","yoast_head_json":{"title":"\u00bfNueva reforma al Poder Judicial? Se publica Decreto de la nueva reforma al poder judicial (Junio 2026) - HG Abogados","description":"Meta description:El 2 de junio de 2026 se public\u00f3 en el DOF el Decreto de reforma al Poder Judicial. Conoce los cambios clave en elecciones, estructura de la SCJN y plazos legislativos.","robots":{"index":"index","follow":"follow","max-snippet":"max-snippet:-1","max-image-preview":"max-image-preview:large","max-video-preview":"max-video-preview:-1"},"canonical":"https:\/\/hg-abogados.com\/ko\/2026\/06\/05\/nueva-reforma-al-poder-judicial-se-publica-decreto-de-la-nueva-reforma-al-poder-judicial-junio-2026\/","og_locale":"ko_KR","og_type":"article","og_title":"\u00bfNueva reforma al Poder Judicial? Se publica Decreto de la nueva reforma al poder judicial (Junio 2026) - HG Abogados","og_description":"Meta description:El 2 de junio de 2026 se public\u00f3 en el DOF el Decreto de reforma al Poder Judicial. Conoce los cambios clave en elecciones, estructura de la SCJN y plazos legislativos.","og_url":"https:\/\/hg-abogados.com\/ko\/2026\/06\/05\/nueva-reforma-al-poder-judicial-se-publica-decreto-de-la-nueva-reforma-al-poder-judicial-junio-2026\/","og_site_name":"HG Abogados","article_publisher":"https:\/\/www.facebook.com\/hgabogados.mx\/","article_published_time":"2026-06-05T15:23:00+00:00","article_modified_time":"2026-06-05T16:29:22+00:00","og_image":[{"width":360,"height":239,"url":"https:\/\/hg-abogados.com\/wp-content\/uploads\/2026\/06\/img-blog-Ficha-Tecnica-.webp","type":"image\/webp"}],"author":"hg-abogados","twitter_card":"summary_large_image","twitter_misc":{"\uae00\uc4f4\uc774":"hg-abogados","\uc608\uc0c1 \ub418\ub294 \ud310\ub3c5 \uc2dc\uac04":"1\ubd84"},"schema":{"@context":"https:\/\/schema.org","@graph":[{"@type":"Article","@id":"https:\/\/hg-abogados.com\/2026\/06\/05\/nueva-reforma-al-poder-judicial-se-publica-decreto-de-la-nueva-reforma-al-poder-judicial-junio-2026\/#article","isPartOf":{"@id":"https:\/\/hg-abogados.com\/2026\/06\/05\/nueva-reforma-al-poder-judicial-se-publica-decreto-de-la-nueva-reforma-al-poder-judicial-junio-2026\/"},"author":{"name":"hg-abogados","@id":"https:\/\/hg-abogados.com\/#\/schema\/person\/75e9ac66c994f18887c24c5da6070769"},"headline":"\u00bfNueva reforma al Poder Judicial? Se publica Decreto de la nueva reforma al poder judicial (Junio 2026)","datePublished":"2026-06-05T15:23:00+00:00","dateModified":"2026-06-05T16:29:22+00:00","mainEntityOfPage":{"@id":"https:\/\/hg-abogados.com\/2026\/06\/05\/nueva-reforma-al-poder-judicial-se-publica-decreto-de-la-nueva-reforma-al-poder-judicial-junio-2026\/"},"wordCount":71,"publisher":{"@id":"https:\/\/hg-abogados.com\/#organization"},"image":{"@id":"https:\/\/hg-abogados.com\/2026\/06\/05\/nueva-reforma-al-poder-judicial-se-publica-decreto-de-la-nueva-reforma-al-poder-judicial-junio-2026\/#primaryimage"},"thumbnailUrl":"https:\/\/hg-abogados.com\/wp-content\/uploads\/2026\/06\/img-blog-Ficha-Tecnica-.webp","articleSection":["Blog"],"inLanguage":"ko-KR"},{"@type":"WebPage","@id":"https:\/\/hg-abogados.com\/2026\/06\/05\/nueva-reforma-al-poder-judicial-se-publica-decreto-de-la-nueva-reforma-al-poder-judicial-junio-2026\/","url":"https:\/\/hg-abogados.com\/2026\/06\/05\/nueva-reforma-al-poder-judicial-se-publica-decreto-de-la-nueva-reforma-al-poder-judicial-junio-2026\/","name":"\u00bfNueva reforma al Poder Judicial? Se publica Decreto de la nueva reforma al poder judicial (Junio 2026) - HG Abogados","isPartOf":{"@id":"https:\/\/hg-abogados.com\/#website"},"primaryImageOfPage":{"@id":"https:\/\/hg-abogados.com\/2026\/06\/05\/nueva-reforma-al-poder-judicial-se-publica-decreto-de-la-nueva-reforma-al-poder-judicial-junio-2026\/#primaryimage"},"image":{"@id":"https:\/\/hg-abogados.com\/2026\/06\/05\/nueva-reforma-al-poder-judicial-se-publica-decreto-de-la-nueva-reforma-al-poder-judicial-junio-2026\/#primaryimage"},"thumbnailUrl":"https:\/\/hg-abogados.com\/wp-content\/uploads\/2026\/06\/img-blog-Ficha-Tecnica-.webp","datePublished":"2026-06-05T15:23:00+00:00","dateModified":"2026-06-05T16:29:22+00:00","description":"Meta description:El 2 de junio de 2026 se public\u00f3 en el DOF el Decreto de reforma al Poder Judicial. Conoce los cambios clave en elecciones, estructura de la SCJN y plazos legislativos.","breadcrumb":{"@id":"https:\/\/hg-abogados.com\/2026\/06\/05\/nueva-reforma-al-poder-judicial-se-publica-decreto-de-la-nueva-reforma-al-poder-judicial-junio-2026\/#breadcrumb"},"inLanguage":"ko-KR","potentialAction":[{"@type":"ReadAction","target":["https:\/\/hg-abogados.com\/2026\/06\/05\/nueva-reforma-al-poder-judicial-se-publica-decreto-de-la-nueva-reforma-al-poder-judicial-junio-2026\/"]}]},{"@type":"ImageObject","inLanguage":"ko-KR","@id":"https:\/\/hg-abogados.com\/2026\/06\/05\/nueva-reforma-al-poder-judicial-se-publica-decreto-de-la-nueva-reforma-al-poder-judicial-junio-2026\/#primaryimage","url":"https:\/\/hg-abogados.com\/wp-content\/uploads\/2026\/06\/img-blog-Ficha-Tecnica-.webp","contentUrl":"https:\/\/hg-abogados.com\/wp-content\/uploads\/2026\/06\/img-blog-Ficha-Tecnica-.webp","width":360,"height":239},{"@type":"BreadcrumbList","@id":"https:\/\/hg-abogados.com\/2026\/06\/05\/nueva-reforma-al-poder-judicial-se-publica-decreto-de-la-nueva-reforma-al-poder-judicial-junio-2026\/#breadcrumb","itemListElement":[{"@type":"ListItem","position":1,"name":"Portada","item":"https:\/\/hg-abogados.com\/"},{"@type":"ListItem","position":2,"name":"\u00bfNueva reforma al Poder Judicial? Se publica Decreto de la nueva reforma al poder judicial (Junio 2026)"}]},{"@type":"WebSite","@id":"https:\/\/hg-abogados.com\/#website","url":"https:\/\/hg-abogados.com\/","name":"HG \ubc95\ub960\uc0ac\ubb34\uc18c","description":"\uba55\uc2dc\ucf54\uc5d0 \uc704\uce58\ud55c \ub2e4\ubd84\uc57c \ubc95\ub960 \uc0ac\ubb34\uc18c\ub85c, \uad6d\ub0b4\uc678 \uae30\uc5c5\uc744 \ub300\uc0c1\uc73c\ub85c \ucef4\ud50c\ub77c\uc774\uc5b8\uc2a4, \uae30\uc5c5\ubc95, \uc138\ubc95, \ub178\ub3d9\ubc95, \ubbfc\uc0ac\ubc95, \ud615\uc0ac\ubc95, \uac00\uc871\ubc95 \ubc0f \ubd80\ub3d9\uc0b0\ubc95 \ub4f1 \ud3ec\uad04\uc801\uc778 \ubc95\ub960 \uc11c\ube44\uc2a4\ub97c \uc804\ubb38\uc73c\ub85c \uc81c\uacf5\ud569\ub2c8\ub2e4. \uad6d\ub0b4 \uc5ec\ub7ec \ub3c4\uc2dc\uc5d0 \uc0ac\ubb34\uc18c\ub97c \ub450\uace0 \uc788\uc73c\uba70 \uad6d\uc81c\uc801 \uc81c\ud734\ub9dd\uc744 \ud1b5\ud574 \ub9de\ucda4\ud615 \uc804\ub7b5 \uc790\ubb38 \ubc0f \ubc95\ub960 \ub300\ub9ac \uc11c\ube44\uc2a4\ub97c \uc81c\uacf5\ud569\ub2c8\ub2e4.","publisher":{"@id":"https:\/\/hg-abogados.com\/#organization"},"potentialAction":[{"@type":"SearchAction","target":{"@type":"EntryPoint","urlTemplate":"https:\/\/hg-abogados.com\/?s={search_term_string}"},"query-input":{"@type":"PropertyValueSpecification","valueRequired":true,"valueName":"search_term_string"}}],"inLanguage":"ko-KR"},{"@type":"Organization","@id":"https:\/\/hg-abogados.com\/#organization","name":"HG \ubc95\ub960\uc0ac\ubb34\uc18c","url":"https:\/\/hg-abogados.com\/","logo":{"@type":"ImageObject","inLanguage":"ko-KR","@id":"https:\/\/hg-abogados.com\/#\/schema\/logo\/image\/","url":"https:\/\/hg-abogados.com\/wp-content\/uploads\/2025\/11\/logo-hg.svg","contentUrl":"https:\/\/hg-abogados.com\/wp-content\/uploads\/2025\/11\/logo-hg.svg","width":354,"height":77,"caption":"HG Abogados"},"image":{"@id":"https:\/\/hg-abogados.com\/#\/schema\/logo\/image\/"},"sameAs":["https:\/\/www.facebook.com\/hgabogados.mx\/"]},{"@type":"Person","@id":"https:\/\/hg-abogados.com\/#\/schema\/person\/75e9ac66c994f18887c24c5da6070769","name":"hg-abogados","sameAs":["https:\/\/new.jpcreativo.com"],"url":"https:\/\/hg-abogados.com\/ko\/author\/jeanquispe\/"}]}},"_links":{"self":[{"href":"https:\/\/hg-abogados.com\/ko\/wp-json\/wp\/v2\/posts\/4303","targetHints":{"allow":["GET"]}}],"collection":[{"href":"https:\/\/hg-abogados.com\/ko\/wp-json\/wp\/v2\/posts"}],"about":[{"href":"https:\/\/hg-abogados.com\/ko\/wp-json\/wp\/v2\/types\/post"}],"author":[{"embeddable":true,"href":"https:\/\/hg-abogados.com\/ko\/wp-json\/wp\/v2\/users\/1"}],"replies":[{"embeddable":true,"href":"https:\/\/hg-abogados.com\/ko\/wp-json\/wp\/v2\/comments?post=4303"}],"version-history":[{"count":2,"href":"https:\/\/hg-abogados.com\/ko\/wp-json\/wp\/v2\/posts\/4303\/revisions"}],"predecessor-version":[{"id":4312,"href":"https:\/\/hg-abogados.com\/ko\/wp-json\/wp\/v2\/posts\/4303\/revisions\/4312"}],"wp:featuredmedia":[{"embeddable":true,"href":"https:\/\/hg-abogados.com\/ko\/wp-json\/wp\/v2\/media\/4305"}],"wp:attachment":[{"href":"https:\/\/hg-abogados.com\/ko\/wp-json\/wp\/v2\/media?parent=4303"}],"wp:term":[{"taxonomy":"category","embeddable":true,"href":"https:\/\/hg-abogados.com\/ko\/wp-json\/wp\/v2\/categories?post=4303"},{"taxonomy":"post_tag","embeddable":true,"href":"https:\/\/hg-abogados.com\/ko\/wp-json\/wp\/v2\/tags?post=4303"}],"curies":[{"name":"wp","href":"https:\/\/api.w.org\/{rel}","templated":true}]}}